{"id":99740,"date":"2022-12-31T18:39:00","date_gmt":"2022-12-31T17:39:00","guid":{"rendered":"https:\/\/weisetech.dev\/fc-barcelona-noticias\/en\/official-luis-suarez-will-play-with-the-guild-of-carry-cheerful_288184_102\/"},"modified":"2022-12-31T18:40:00","modified_gmt":"2022-12-31T17:40:00","slug":"official-luis-suarez-will-play-with-the-guild-of-carry-cheerful_288184_102","status":"publish","type":"post","link":"https:\/\/www.fcbarcelonanoticias.com\/en\/transfers\/official-luis-suarez-will-play-with-the-guild-of-carry-cheerful_288184_102.html","title":{"rendered":"OFFICIAL! Luis Su\u00e1rez will play with the Gremio de Porto Alegre"},"content":{"rendered":"<h2 class=\"wp-block-heading\">Luis Su\u00e1rez and the Gremio de Porto Alegre closed an agreement for the forward to wear the &#8216;Tricolor Ga\u00facho&#8217; shirt during the 2023 season of the Brasileirao. The striker arrived free after completing his contract with Nacional from Uruguay<\/h2>  \r\n<div class=\"article-addons\">\r\n    <a href=\"https:\/\/www.fcbarcelonanoticias.com\/en\/calendar-fc-barcelona.html\"\r\n       target=\"_self\"\r\n       title=\"Calendar of FC Barcelona\"\r\n       class=\"blue-gredient-btn\">\r\n       \r\n        Calendar of FC Barcelona    <\/a>\r\n<\/div>   <p>Five months after doing reality the dream of thousands of fanatical of the National Club of Uruguay, Luis Su\u00e1rez confirms his signing by the Guild of Carry Cheerful for the season 2023. <strong>The ex player of the <a data-external=\"0\" data-intl-links-en=\"https:\/\/www.fcbarcelonanoticias.com\/en\/fc-barcelona\/the-1x1-of-the-players-of-the-barca-in-the-tie-in-front-of-the-is_288175_102.html\" data-intl-links-es=\"https:\/\/www.fcbarcelonanoticias.com\/fc-barcelona\/1x1-jugadores-barcelona-en-empate-espanyol_288175_102.html\" href=\"https:\/\/www.fcbarcelonanoticias.com\/en\/fc-barcelona\/the-1x1-of-the-players-of-the-barca-in-the-tie-in-front-of-the-is_288175_102.html\" rel=\"follow\" target=\"_self\" title=\"El 1x1 de los jugadores del Bar\u00e7a en el empate ante el Espanyol\">FC Barcelona<\/a> culminated his agreement with the &#8216;Bag&#8217; and descart\u00f3 leave to the Major League Soccer (MLS)<\/strong> to continue playing in the football sudamericano, in this case in a Brazilian league that has reinforced in the last years with the arrival of big figures.<\/p>  <blockquote class=\"twitter-tweet\"> <p dir=\"ltr\" lang=\"pt\">ELE VEIO! \ud83c\uddea\ud83c\uddea\ud83c\uddfa\ud83c\uddfe 2023 vem a\u00ed and, com ele, <a href=\"https:\/\/twitter.com\/en\/LuisSuarez9?ref_src=twsrc%5Etfw\">@LuisSuarez9<\/a>! Or attacker uruguaio \u00e9 or novo <a href=\"https:\/\/twitter.com\/en\/hashtag\/Refor%C3%A7oTricolor?src=hash&amp;ref_src=twsrc%5Etfw\">#Refor\u00e7oTricolor<\/a> for you desafios give next season. Um Two maiores do futebol world-wide no maior do Sul! \ud83d\udcaa\ud83c\udffd<br><br> Leia em: <a href=\"https:\/\/t.co\/en\/ACJSOmBYiE\">https:\/\/t.co\/acjsombyie<\/a> <a href=\"https:\/\/t.co\/en\/YRQiPaRjTe\">pic.twitter.com\/yrqiparjte<\/a><\/p> \u2014 Gr\u00eamio FBPA (@Guild) <a href=\"https:\/\/twitter.com\/en\/Gremio\/status\/1609233865683472386?ref_src=twsrc%5Etfw\">December 31, 2022<\/a> <\/blockquote> <p>Under the technical direction of Renato Ga\u00facho, the tricolour team will look for to return in style to the Brasileirao after happening the season 2022 in the Series B (second division). <strong>Without options to play competitions sudamericanas in 2023, Guild will focus in doing a good local tournament<\/strong> to go back to the international plane in 2024, for which are consolidating a staff that mixes youth and experience beside the technician that carried them to win the Glass Libertadores in 2017.<\/p>  <p><strong>For Su\u00e1rez, east will be his seventh club after going through National, Groningen, Ajax, Liverpool, <a data-external=\"0\" data-intl-links-en=\"https:\/\/www.fcbarcelonanoticias.com\/en\/laliga\/the-barca-could-not-continue-his-historical-series-in-front-of-the-esp_288179_102.html\" data-intl-links-es=\"https:\/\/www.fcbarcelonanoticias.com\/laliga\/fc-barcelona-no-pudo-continuar-historica-racha-espanyol_288179_102.html\" href=\"https:\/\/www.fcbarcelonanoticias.com\/en\/laliga\/the-barca-could-not-continue-his-historical-series-in-front-of-the-esp_288179_102.html\" rel=\"follow\" target=\"_self\" title=\"El Bar\u00e7a no pudo continuar su hist\u00f3rica racha ante el Espanyol\">Bar\u00e7a<\/a> and Athletic of Madrid<\/strong>. In his return to Uruguay, the forward of 35 years led to the group directed by Pablo Repetto to remain with the Tournament Closure of the maximum division charr\u00faa, <strong>championship in which it converted 8 goals and 3 assistances in 14 parties,<\/strong> being east his fourth title with the team in which it formed .<\/p>  <p>In the World-wide, &#8216;Struggle&#8217; saw action in the three parties of the phase of groups with the combined Uruguayan. <strong>An assistance in the last crash in front of Ghana (triumph 2-0) was insufficient<\/strong> so that the ones of Diego Alonso accessed to the eighth of final. The one of Jump left between tears of Qatar after a disappointing performance &#8216;charr\u00faa&#8217; where also weighed the referee&#8217;s errors in the parties in front of African and Portuguese.<\/p>  <h3>Su\u00e1rez will look for to expand his list of winners in Brazil<\/h3>  <p>In Guild, the ex player of the Bar\u00e7a will look for his twentieth local title to level of clubs, after 19 championships achieved in his previous experiences. <strong>In Catalonia were 13 the trophies that attained to raise, including the League of Champions, the Supercopa of Europe and the World-wide of Clubs in 2015<\/strong>. His another continental success obtained it with Uruguay in the Glass America of 2011 contested in Argentina, tournament of the that was the big figure beside Diego Forl\u00e1n.<\/p> ","protected":false},"excerpt":{"rendered":"<p>Luis Su\u00e1rez and the Gremio de Porto Alegre closed an agreement for the forward to wear the &#8216;Tricolor Ga\u00facho&#8217; shirt during the 2023 season of the Brasileirao. The striker arrived free after completing his contract with Nacional from Uruguay Five months after doing reality the dream of thousands of fanatical of the National Club of [&hellip;]<\/p>\n","protected":false},"author":347,"featured_media":99751,"comment_status":"closed","ping_status":"open","sticky":false,"template":"","format":"standard","meta":{"_acf_changed":false,"inline_featured_image":false,"_nextfly_llmd_date_locked":false,"footnotes":""},"categories":[449,106],"tags":[135],"class_list":["post-99740","post","type-post","status-publish","format-standard","has-post-thumbnail","hentry","category-transfers-2","category-transfers","tag-luis-suarez"],"acf":[],"yoast_head":"<!-- This site is optimized with the Yoast SEO plugin v27.3 - https:\/\/yoast.com\/product\/yoast-seo-wordpress\/ -->\n<title>OFFICIAL! Luis Su\u00e1rez will play with the Guild of Carry Cheerful<\/title>\n<meta name=\"description\" content=\"Luis Su\u00e1rez and the Guild of Carry Cheerful closed an agreement so that the forward seen the T-shirt of the &#039;Tricolour Ga\u00facho&#039; during the season 2023 of the Brasi...\" \/>\n<meta name=\"robots\" content=\"index, follow, max-snippet:-1, max-image-preview:large, max-video-preview:-1\" \/>\n<link rel=\"canonical\" href=\"https:\/\/www.fcbarcelonanoticias.com\/en\/transfers\/official-luis-suarez-will-play-with-the-guild-of-carry-cheerful_288184_102.html\" \/>\n<meta property=\"og:locale\" content=\"en_US\" \/>\n<meta property=\"og:type\" content=\"article\" \/>\n<meta property=\"og:title\" content=\"OFFICIAL! Luis Su\u00e1rez will play with the Guild of Carry Cheerful\" \/>\n<meta property=\"og:description\" content=\"Luis Su\u00e1rez and the Guild of Carry Cheerful closed an agreement so that the forward seen the T-shirt of the &#039;Tricolour Ga\u00facho&#039; during the season 2023 of the Brasi...\" \/>\n<meta property=\"og:url\" content=\"https:\/\/www.fcbarcelonanoticias.com\/en\/transfers\/official-luis-suarez-will-play-with-the-guild-of-carry-cheerful_288184_102.html\" \/>\n<meta property=\"og:site_name\" content=\"EN - FC Barcelona Noticias\" \/>\n<meta property=\"article:published_time\" content=\"2022-12-31T17:39:00+00:00\" \/>\n<meta property=\"article:modified_time\" content=\"2022-12-31T17:40:00+00:00\" \/>\n<meta property=\"og:image\" content=\"https:\/\/www.fcbarcelonanoticias.com\/en\/wp-content\/uploads\/sites\/2\/2022\/12\/luis-suarez-v-ghana.jpeg\" \/>\n\t<meta property=\"og:image:width\" content=\"1300\" \/>\n\t<meta property=\"og:image:height\" content=\"732\" \/>\n\t<meta property=\"og:image:type\" content=\"image\/jpeg\" \/>\n<meta name=\"author\" content=\"Andr\u00e9s Quiroz\" \/>\n<meta name=\"twitter:card\" content=\"summary_large_image\" \/>\n<meta name=\"twitter:label1\" content=\"Written by\" \/>\n\t<meta name=\"twitter:data1\" content=\"Andr\u00e9s Quiroz\" \/>\n\t<meta name=\"twitter:label2\" content=\"Est. reading time\" \/>\n\t<meta name=\"twitter:data2\" content=\"2 minutes\" \/>\n<script type=\"application\/ld+json\" class=\"yoast-schema-graph\">{\"@context\":\"https:\\\/\\\/schema.org\",\"@graph\":[{\"@type\":\"Article\",\"@id\":\"https:\\\/\\\/www.fcbarcelonanoticias.com\\\/en\\\/transfers\\\/official-luis-suarez-will-play-with-the-guild-of-carry-cheerful_288184_102.html#article\",\"isPartOf\":{\"@id\":\"https:\\\/\\\/www.fcbarcelonanoticias.com\\\/en\\\/transfers\\\/official-luis-suarez-will-play-with-the-guild-of-carry-cheerful_288184_102.html\"},\"author\":{\"name\":\"Andr\u00e9s Quiroz\",\"@id\":\"https:\\\/\\\/www.fcbarcelonanoticias.com\\\/en\\\/#\\\/schema\\\/person\\\/c2cd9f6fa1af5c0d0eccd0fefa575c88\"},\"headline\":\"OFFICIAL! Luis Su\u00e1rez will play with the Gremio de Porto Alegre\",\"datePublished\":\"2022-12-31T17:39:00+00:00\",\"dateModified\":\"2022-12-31T17:40:00+00:00\",\"mainEntityOfPage\":{\"@id\":\"https:\\\/\\\/www.fcbarcelonanoticias.com\\\/en\\\/transfers\\\/official-luis-suarez-will-play-with-the-guild-of-carry-cheerful_288184_102.html\"},\"wordCount\":499,\"image\":{\"@id\":\"https:\\\/\\\/www.fcbarcelonanoticias.com\\\/en\\\/transfers\\\/official-luis-suarez-will-play-with-the-guild-of-carry-cheerful_288184_102.html#primaryimage\"},\"thumbnailUrl\":\"https:\\\/\\\/www.fcbarcelonanoticias.com\\\/en\\\/wp-content\\\/uploads\\\/sites\\\/2\\\/2022\\\/12\\\/luis-suarez-v-ghana.jpeg\",\"keywords\":[\"Luis Su\u00e1rez\"],\"articleSection\":[\"Transfers\",\"Transfers\"],\"inLanguage\":\"en-US\"},{\"@type\":\"WebPage\",\"@id\":\"https:\\\/\\\/www.fcbarcelonanoticias.com\\\/en\\\/transfers\\\/official-luis-suarez-will-play-with-the-guild-of-carry-cheerful_288184_102.html\",\"url\":\"https:\\\/\\\/www.fcbarcelonanoticias.com\\\/en\\\/transfers\\\/official-luis-suarez-will-play-with-the-guild-of-carry-cheerful_288184_102.html\",\"name\":\"OFFICIAL! Luis Su\u00e1rez will play with the Guild of Carry Cheerful\",\"isPartOf\":{\"@id\":\"https:\\\/\\\/www.fcbarcelonanoticias.com\\\/en\\\/#website\"},\"primaryImageOfPage\":{\"@id\":\"https:\\\/\\\/www.fcbarcelonanoticias.com\\\/en\\\/transfers\\\/official-luis-suarez-will-play-with-the-guild-of-carry-cheerful_288184_102.html#primaryimage\"},\"image\":{\"@id\":\"https:\\\/\\\/www.fcbarcelonanoticias.com\\\/en\\\/transfers\\\/official-luis-suarez-will-play-with-the-guild-of-carry-cheerful_288184_102.html#primaryimage\"},\"thumbnailUrl\":\"https:\\\/\\\/www.fcbarcelonanoticias.com\\\/en\\\/wp-content\\\/uploads\\\/sites\\\/2\\\/2022\\\/12\\\/luis-suarez-v-ghana.jpeg\",\"datePublished\":\"2022-12-31T17:39:00+00:00\",\"dateModified\":\"2022-12-31T17:40:00+00:00\",\"author\":{\"@id\":\"https:\\\/\\\/www.fcbarcelonanoticias.com\\\/en\\\/#\\\/schema\\\/person\\\/c2cd9f6fa1af5c0d0eccd0fefa575c88\"},\"description\":\"Luis Su\u00e1rez and the Guild of Carry Cheerful closed an agreement so that the forward seen the T-shirt of the 'Tricolour Ga\u00facho' during the season 2023 of the Brasi...\",\"breadcrumb\":{\"@id\":\"https:\\\/\\\/www.fcbarcelonanoticias.com\\\/en\\\/transfers\\\/official-luis-suarez-will-play-with-the-guild-of-carry-cheerful_288184_102.html#breadcrumb\"},\"inLanguage\":\"en-US\",\"potentialAction\":[{\"@type\":\"ReadAction\",\"target\":[\"https:\\\/\\\/www.fcbarcelonanoticias.com\\\/en\\\/transfers\\\/official-luis-suarez-will-play-with-the-guild-of-carry-cheerful_288184_102.html\"]}]},{\"@type\":\"ImageObject\",\"inLanguage\":\"en-US\",\"@id\":\"https:\\\/\\\/www.fcbarcelonanoticias.com\\\/en\\\/transfers\\\/official-luis-suarez-will-play-with-the-guild-of-carry-cheerful_288184_102.html#primaryimage\",\"url\":\"https:\\\/\\\/www.fcbarcelonanoticias.com\\\/en\\\/wp-content\\\/uploads\\\/sites\\\/2\\\/2022\\\/12\\\/luis-suarez-v-ghana.jpeg\",\"contentUrl\":\"https:\\\/\\\/www.fcbarcelonanoticias.com\\\/en\\\/wp-content\\\/uploads\\\/sites\\\/2\\\/2022\\\/12\\\/luis-suarez-v-ghana.jpeg\",\"width\":1300,\"height\":732},{\"@type\":\"BreadcrumbList\",\"@id\":\"https:\\\/\\\/www.fcbarcelonanoticias.com\\\/en\\\/transfers\\\/official-luis-suarez-will-play-with-the-guild-of-carry-cheerful_288184_102.html#breadcrumb\",\"itemListElement\":[{\"@type\":\"ListItem\",\"position\":1,\"name\":\"Portada\",\"item\":\"https:\\\/\\\/www.fcbarcelonanoticias.com\\\/en\\\/\"},{\"@type\":\"ListItem\",\"position\":2,\"name\":\"OFFICIAL! Luis Su\u00e1rez will play with the Gremio de Porto Alegre\"}]},{\"@type\":\"WebSite\",\"@id\":\"https:\\\/\\\/www.fcbarcelonanoticias.com\\\/en\\\/#website\",\"url\":\"https:\\\/\\\/www.fcbarcelonanoticias.com\\\/en\\\/\",\"name\":\"EN - FC Barcelona Noticias\",\"description\":\"\",\"potentialAction\":[{\"@type\":\"SearchAction\",\"target\":{\"@type\":\"EntryPoint\",\"urlTemplate\":\"https:\\\/\\\/www.fcbarcelonanoticias.com\\\/en\\\/?s={search_term_string}\"},\"query-input\":{\"@type\":\"PropertyValueSpecification\",\"valueRequired\":true,\"valueName\":\"search_term_string\"}}],\"inLanguage\":\"en-US\"},{\"@type\":\"Person\",\"@id\":\"https:\\\/\\\/www.fcbarcelonanoticias.com\\\/en\\\/#\\\/schema\\\/person\\\/c2cd9f6fa1af5c0d0eccd0fefa575c88\",\"name\":\"Andr\u00e9s Quiroz\",\"image\":{\"@type\":\"ImageObject\",\"inLanguage\":\"en-US\",\"@id\":\"https:\\\/\\\/secure.gravatar.com\\\/avatar\\\/?s=96&d=mm&r=g\",\"url\":\"https:\\\/\\\/secure.gravatar.com\\\/avatar\\\/?s=96&d=mm&r=g\",\"contentUrl\":\"https:\\\/\\\/secure.gravatar.com\\\/avatar\\\/?s=96&d=mm&r=g\",\"caption\":\"Andr\u00e9s Quiroz\"},\"description\":\"Licenciado en Periodismo por la Universidad de los Andes. Me encargo de analizar y compartir los contenidos m\u00e1s destacados de la\u00a0actualidad del F\u00fatbol Club Barcelona, Mercado de Fichajes y F\u00fatbol Internacional en FCBN. La informaci\u00f3n es poder, pero tambi\u00e9n conocimiento.\",\"url\":\"https:\\\/\\\/www.fcbarcelonanoticias.com\\\/en\\\/fc-barcelona\\\/andres-quiroz_17_115.html\"}]}<\/script>\n<!-- \/ Yoast SEO plugin. -->","yoast_head_json":{"title":"OFFICIAL! Luis Su\u00e1rez will play with the Guild of Carry Cheerful","description":"Luis Su\u00e1rez and the Guild of Carry Cheerful closed an agreement so that the forward seen the T-shirt of the 'Tricolour Ga\u00facho' during the season 2023 of the Brasi...","robots":{"index":"index","follow":"follow","max-snippet":"max-snippet:-1","max-image-preview":"max-image-preview:large","max-video-preview":"max-video-preview:-1"},"canonical":"https:\/\/www.fcbarcelonanoticias.com\/en\/transfers\/official-luis-suarez-will-play-with-the-guild-of-carry-cheerful_288184_102.html","og_locale":"en_US","og_type":"article","og_title":"OFFICIAL! Luis Su\u00e1rez will play with the Guild of Carry Cheerful","og_description":"Luis Su\u00e1rez and the Guild of Carry Cheerful closed an agreement so that the forward seen the T-shirt of the 'Tricolour Ga\u00facho' during the season 2023 of the Brasi...","og_url":"https:\/\/www.fcbarcelonanoticias.com\/en\/transfers\/official-luis-suarez-will-play-with-the-guild-of-carry-cheerful_288184_102.html","og_site_name":"EN - FC Barcelona Noticias","article_published_time":"2022-12-31T17:39:00+00:00","article_modified_time":"2022-12-31T17:40:00+00:00","og_image":[{"width":1300,"height":732,"url":"https:\/\/www.fcbarcelonanoticias.com\/en\/wp-content\/uploads\/sites\/2\/2022\/12\/luis-suarez-v-ghana.jpeg","type":"image\/jpeg"}],"author":"Andr\u00e9s Quiroz","twitter_card":"summary_large_image","twitter_misc":{"Written by":"Andr\u00e9s Quiroz","Est. reading time":"2 minutes"},"schema":{"@context":"https:\/\/schema.org","@graph":[{"@type":"Article","@id":"https:\/\/www.fcbarcelonanoticias.com\/en\/transfers\/official-luis-suarez-will-play-with-the-guild-of-carry-cheerful_288184_102.html#article","isPartOf":{"@id":"https:\/\/www.fcbarcelonanoticias.com\/en\/transfers\/official-luis-suarez-will-play-with-the-guild-of-carry-cheerful_288184_102.html"},"author":{"name":"Andr\u00e9s Quiroz","@id":"https:\/\/www.fcbarcelonanoticias.com\/en\/#\/schema\/person\/c2cd9f6fa1af5c0d0eccd0fefa575c88"},"headline":"OFFICIAL! Luis Su\u00e1rez will play with the Gremio de Porto Alegre","datePublished":"2022-12-31T17:39:00+00:00","dateModified":"2022-12-31T17:40:00+00:00","mainEntityOfPage":{"@id":"https:\/\/www.fcbarcelonanoticias.com\/en\/transfers\/official-luis-suarez-will-play-with-the-guild-of-carry-cheerful_288184_102.html"},"wordCount":499,"image":{"@id":"https:\/\/www.fcbarcelonanoticias.com\/en\/transfers\/official-luis-suarez-will-play-with-the-guild-of-carry-cheerful_288184_102.html#primaryimage"},"thumbnailUrl":"https:\/\/www.fcbarcelonanoticias.com\/en\/wp-content\/uploads\/sites\/2\/2022\/12\/luis-suarez-v-ghana.jpeg","keywords":["Luis Su\u00e1rez"],"articleSection":["Transfers","Transfers"],"inLanguage":"en-US"},{"@type":"WebPage","@id":"https:\/\/www.fcbarcelonanoticias.com\/en\/transfers\/official-luis-suarez-will-play-with-the-guild-of-carry-cheerful_288184_102.html","url":"https:\/\/www.fcbarcelonanoticias.com\/en\/transfers\/official-luis-suarez-will-play-with-the-guild-of-carry-cheerful_288184_102.html","name":"OFFICIAL! Luis Su\u00e1rez will play with the Guild of Carry Cheerful","isPartOf":{"@id":"https:\/\/www.fcbarcelonanoticias.com\/en\/#website"},"primaryImageOfPage":{"@id":"https:\/\/www.fcbarcelonanoticias.com\/en\/transfers\/official-luis-suarez-will-play-with-the-guild-of-carry-cheerful_288184_102.html#primaryimage"},"image":{"@id":"https:\/\/www.fcbarcelonanoticias.com\/en\/transfers\/official-luis-suarez-will-play-with-the-guild-of-carry-cheerful_288184_102.html#primaryimage"},"thumbnailUrl":"https:\/\/www.fcbarcelonanoticias.com\/en\/wp-content\/uploads\/sites\/2\/2022\/12\/luis-suarez-v-ghana.jpeg","datePublished":"2022-12-31T17:39:00+00:00","dateModified":"2022-12-31T17:40:00+00:00","author":{"@id":"https:\/\/www.fcbarcelonanoticias.com\/en\/#\/schema\/person\/c2cd9f6fa1af5c0d0eccd0fefa575c88"},"description":"Luis Su\u00e1rez and the Guild of Carry Cheerful closed an agreement so that the forward seen the T-shirt of the 'Tricolour Ga\u00facho' during the season 2023 of the Brasi...","breadcrumb":{"@id":"https:\/\/www.fcbarcelonanoticias.com\/en\/transfers\/official-luis-suarez-will-play-with-the-guild-of-carry-cheerful_288184_102.html#breadcrumb"},"inLanguage":"en-US","potentialAction":[{"@type":"ReadAction","target":["https:\/\/www.fcbarcelonanoticias.com\/en\/transfers\/official-luis-suarez-will-play-with-the-guild-of-carry-cheerful_288184_102.html"]}]},{"@type":"ImageObject","inLanguage":"en-US","@id":"https:\/\/www.fcbarcelonanoticias.com\/en\/transfers\/official-luis-suarez-will-play-with-the-guild-of-carry-cheerful_288184_102.html#primaryimage","url":"https:\/\/www.fcbarcelonanoticias.com\/en\/wp-content\/uploads\/sites\/2\/2022\/12\/luis-suarez-v-ghana.jpeg","contentUrl":"https:\/\/www.fcbarcelonanoticias.com\/en\/wp-content\/uploads\/sites\/2\/2022\/12\/luis-suarez-v-ghana.jpeg","width":1300,"height":732},{"@type":"BreadcrumbList","@id":"https:\/\/www.fcbarcelonanoticias.com\/en\/transfers\/official-luis-suarez-will-play-with-the-guild-of-carry-cheerful_288184_102.html#breadcrumb","itemListElement":[{"@type":"ListItem","position":1,"name":"Portada","item":"https:\/\/www.fcbarcelonanoticias.com\/en\/"},{"@type":"ListItem","position":2,"name":"OFFICIAL! Luis Su\u00e1rez will play with the Gremio de Porto Alegre"}]},{"@type":"WebSite","@id":"https:\/\/www.fcbarcelonanoticias.com\/en\/#website","url":"https:\/\/www.fcbarcelonanoticias.com\/en\/","name":"EN - FC Barcelona Noticias","description":"","potentialAction":[{"@type":"SearchAction","target":{"@type":"EntryPoint","urlTemplate":"https:\/\/www.fcbarcelonanoticias.com\/en\/?s={search_term_string}"},"query-input":{"@type":"PropertyValueSpecification","valueRequired":true,"valueName":"search_term_string"}}],"inLanguage":"en-US"},{"@type":"Person","@id":"https:\/\/www.fcbarcelonanoticias.com\/en\/#\/schema\/person\/c2cd9f6fa1af5c0d0eccd0fefa575c88","name":"Andr\u00e9s Quiroz","image":{"@type":"ImageObject","inLanguage":"en-US","@id":"https:\/\/secure.gravatar.com\/avatar\/?s=96&d=mm&r=g","url":"https:\/\/secure.gravatar.com\/avatar\/?s=96&d=mm&r=g","contentUrl":"https:\/\/secure.gravatar.com\/avatar\/?s=96&d=mm&r=g","caption":"Andr\u00e9s Quiroz"},"description":"Licenciado en Periodismo por la Universidad de los Andes. Me encargo de analizar y compartir los contenidos m\u00e1s destacados de la\u00a0actualidad del F\u00fatbol Club Barcelona, Mercado de Fichajes y F\u00fatbol Internacional en FCBN. La informaci\u00f3n es poder, pero tambi\u00e9n conocimiento.","url":"https:\/\/www.fcbarcelonanoticias.com\/en\/fc-barcelona\/andres-quiroz_17_115.html"}]}},"_links":{"self":[{"href":"https:\/\/www.fcbarcelonanoticias.com\/en\/wp-json\/wp\/v2\/posts\/99740","targetHints":{"allow":["GET"]}}],"collection":[{"href":"https:\/\/www.fcbarcelonanoticias.com\/en\/wp-json\/wp\/v2\/posts"}],"about":[{"href":"https:\/\/www.fcbarcelonanoticias.com\/en\/wp-json\/wp\/v2\/types\/post"}],"author":[{"embeddable":true,"href":"https:\/\/www.fcbarcelonanoticias.com\/en\/wp-json\/wp\/v2\/users\/347"}],"replies":[{"embeddable":true,"href":"https:\/\/www.fcbarcelonanoticias.com\/en\/wp-json\/wp\/v2\/comments?post=99740"}],"version-history":[{"count":1,"href":"https:\/\/www.fcbarcelonanoticias.com\/en\/wp-json\/wp\/v2\/posts\/99740\/revisions"}],"predecessor-version":[{"id":132057,"href":"https:\/\/www.fcbarcelonanoticias.com\/en\/wp-json\/wp\/v2\/posts\/99740\/revisions\/132057"}],"wp:featuredmedia":[{"embeddable":true,"href":"https:\/\/www.fcbarcelonanoticias.com\/en\/wp-json\/wp\/v2\/media\/99751"}],"wp:attachment":[{"href":"https:\/\/www.fcbarcelonanoticias.com\/en\/wp-json\/wp\/v2\/media?parent=99740"}],"wp:term":[{"taxonomy":"category","embeddable":true,"href":"https:\/\/www.fcbarcelonanoticias.com\/en\/wp-json\/wp\/v2\/categories?post=99740"},{"taxonomy":"post_tag","embeddable":true,"href":"https:\/\/www.fcbarcelonanoticias.com\/en\/wp-json\/wp\/v2\/tags?post=99740"}],"curies":[{"name":"wp","href":"https:\/\/api.w.org\/{rel}","templated":true}]}}