{"id":99892,"date":"2023-01-20T14:06:00","date_gmt":"2023-01-20T13:06:00","guid":{"rendered":"https:\/\/weisetech.dev\/fc-barcelona-noticias\/en\/official-memphis-depay-changes-airs-tab-with-athletico_288771_102\/"},"modified":"2023-01-20T19:15:00","modified_gmt":"2023-01-20T18:15:00","slug":"official-memphis-depay-changes-airs-tab-with-athletico_288771_102","status":"publish","type":"post","link":"https:\/\/www.fcbarcelonanoticias.com\/en\/transfers\/official-memphis-depay-changes-airs-tab-with-athletico_288771_102.html","title":{"rendered":"OFFICIAL! Memphis Depay &#8216;changes scenery&#8217; and signs with Atl\u00e9tico"},"content":{"rendered":"<h2 class=\"wp-block-heading\">After several days of negotiations, both Bar\u00e7a and Atl\u00e9tico have approached positions to finalize the transfer of Memphis Depay, who will reinforce the mattress team until 2025<\/h2>  \r\n<div class=\"article-addons\">\r\n    <a href=\"https:\/\/www.fcbarcelonanoticias.com\/en\/calendar-fc-barcelona.html\"\r\n       target=\"_self\"\r\n       title=\"Calendar of FC Barcelona\"\r\n       class=\"blue-gredient-btn\">\r\n       \r\n        Calendar of FC Barcelona    <\/a>\r\n<\/div>   <p>It is official. <strong>So much Athletic of Madrid like FC Barcelona have reached a half point in the negotiations by <a data-external=\"0\" data-intl-links-en=\"https:\/\/www.fcbarcelonanoticias.com\/en\/tags\/memphis-depay\" data-intl-links-es=\"https:\/\/www.fcbarcelonanoticias.com\/tags\/memphis-depay\" href=\"https:\/\/www.fcbarcelonanoticias.com\/en\/tags\/memphis-depay.html\" rel=\"follow\" target=\"_self\" title=\"Memphis Depay\">Memphis Depay<\/a> of face to the future. <\/strong>To his 28 years, the attacker will dress the elastic rojiblanca in what it subtracts of season and will be to disposal of the &#8216;Cholo&#8217; Simeone, the one who was one of the big valedores of his signing after the exits of Matheus Cunha and Joao F\u00e9lix.<\/p>  <p>Like this they have it desvelado both clubs in his social networks after several days working in the suitable formulas to close the operation. <strong>They have made it possible, partly, by the good will of the player, that looks for a new beginning inside LaLiga to feel again leading.<\/strong> It is important to remember that it has been one of the less used footballers by Xavi Hern\u00e1ndez in what it goes of campaign, contesting only 206&#8242; minutes of game.<\/p>  <p>His time on the lawn only allowed him play two split suspender belts, one of Glass and another of Champions, leaving an alone goal in the 2022\/23. Now, <strong>the ex Olympique Lyon will land in the C\u00edvitas Metropolitan in an agreement of traspaso valued in three million fixed euros more one in variables,<\/strong> with an agreement that will link him with the discipline colchonera until 2025.<\/p>  <p>In his season and average inside the Spotify Camp Nou contested <strong>42 commitments in all the competitions, adding 14&nbsp;goals and 2&nbsp;assistances<\/strong> under the orders of Ronald Koeman and Xavi. <strong>His step was marked by constant muscular injuries,<\/strong> what kept him in the dry dam during big part of the past course and also after the stop by the UEFA Nations League.<\/p>  <h3>Agreement by Carrasco<\/h3>  <p>One of the conditions of the exit of Memphis is that the <a data-external=\"0\" data-intl-links-en=\"https:\/\/www.fcbarcelonanoticias.com\/en\/tags\/atletico-de-madrid\" data-intl-links-es=\"https:\/\/www.fcbarcelonanoticias.com\/tags\/atletico-de-madrid\" href=\"https:\/\/www.fcbarcelonanoticias.com\/en\/tags\/atletico-de-madrid.html\" rel=\"follow\" target=\"_self\" title=\"Atl\u00e9tico de Madrid\">Athletic <\/a> included an option of purchase by Yannick Carrasco during the summer. <strong>The cul\u00e9s will be able to purchase the services of the Belgian if they disburse 15 million euros between July and August,<\/strong> an affordable price taking into account that his value of market according to the portal web &#8216;Transfermrkt&#8217; is of 30 &#8216;kilos&#8217; and that the club will have very complicated to do millionaire signings because of the Fair Play financial of LaLiga.<\/p> ","protected":false},"excerpt":{"rendered":"<p>After several days of negotiations, both Bar\u00e7a and Atl\u00e9tico have approached positions to finalize the transfer of Memphis Depay, who will reinforce the mattress team until 2025 It is official. So much Athletic of Madrid like FC Barcelona have reached a half point in the negotiations by Memphis Depay of face to the future. To [&hellip;]<\/p>\n","protected":false},"author":0,"featured_media":99904,"comment_status":"closed","ping_status":"open","sticky":false,"template":"","format":"standard","meta":{"_acf_changed":false,"inline_featured_image":false,"_nextfly_llmd_date_locked":false,"footnotes":""},"categories":[106,449],"tags":[59,142],"class_list":["post-99892","post","type-post","status-publish","format-standard","has-post-thumbnail","hentry","category-transfers","category-transfers-2","tag-atletico-de-madrid","tag-memphis-depay"],"acf":[],"yoast_head":"<!-- This site is optimized with the Yoast SEO plugin v27.3 - https:\/\/yoast.com\/product\/yoast-seo-wordpress\/ -->\n<title>OFFICIAL! Memphis Depay &#039;changes scenery&#039; and signs with Atl\u00e9tico<\/title>\n<meta name=\"description\" content=\"After several days of negotiations, both Bar\u00e7a and Atl\u00e9tico have approached positions to finalize the transfer of Memphis Depay, who will reinforce the mattress team until 2028\" \/>\n<meta name=\"robots\" content=\"index, follow, max-snippet:-1, max-image-preview:large, max-video-preview:-1\" \/>\n<link rel=\"canonical\" href=\"https:\/\/www.fcbarcelonanoticias.com\/en\/transfers\/official-memphis-depay-changes-airs-tab-with-athletico_288771_102.html\" \/>\n<meta property=\"og:locale\" content=\"en_US\" \/>\n<meta property=\"og:type\" content=\"article\" \/>\n<meta property=\"og:title\" content=\"OFFICIAL! Memphis Depay &#039;changes scenery&#039; and signs with Atl\u00e9tico\" \/>\n<meta property=\"og:description\" content=\"After several days of negotiations, both Bar\u00e7a and Atl\u00e9tico have approached positions to finalize the transfer of Memphis Depay, who will reinforce the mattress team until 2028\" \/>\n<meta property=\"og:url\" content=\"https:\/\/www.fcbarcelonanoticias.com\/en\/transfers\/official-memphis-depay-changes-airs-tab-with-athletico_288771_102.html\" \/>\n<meta property=\"og:site_name\" content=\"EN - FC Barcelona Noticias\" \/>\n<meta property=\"article:published_time\" content=\"2023-01-20T13:06:00+00:00\" \/>\n<meta property=\"article:modified_time\" content=\"2023-01-20T18:15:00+00:00\" \/>\n<meta property=\"og:image\" content=\"https:\/\/www.fcbarcelonanoticias.com\/en\/wp-content\/uploads\/sites\/2\/2023\/01\/memphis-tras-su-gol-ante-el-city.jpeg\" \/>\n\t<meta property=\"og:image:width\" content=\"1300\" \/>\n\t<meta property=\"og:image:height\" content=\"740\" \/>\n\t<meta property=\"og:image:type\" content=\"image\/jpeg\" \/>\n<meta name=\"twitter:card\" content=\"summary_large_image\" \/>\n<meta name=\"twitter:label1\" content=\"Est. reading time\" \/>\n\t<meta name=\"twitter:data1\" content=\"2 minutes\" \/>\n<script type=\"application\/ld+json\" class=\"yoast-schema-graph\">{\"@context\":\"https:\\\/\\\/schema.org\",\"@graph\":[{\"@type\":\"Article\",\"@id\":\"https:\\\/\\\/www.fcbarcelonanoticias.com\\\/en\\\/transfers\\\/official-memphis-depay-changes-airs-tab-with-athletico_288771_102.html#article\",\"isPartOf\":{\"@id\":\"https:\\\/\\\/www.fcbarcelonanoticias.com\\\/en\\\/transfers\\\/official-memphis-depay-changes-airs-tab-with-athletico_288771_102.html\"},\"author\":{\"name\":\"\",\"@id\":\"\"},\"headline\":\"OFFICIAL! Memphis Depay &#8216;changes scenery&#8217; and signs with Atl\u00e9tico\",\"datePublished\":\"2023-01-20T13:06:00+00:00\",\"dateModified\":\"2023-01-20T18:15:00+00:00\",\"mainEntityOfPage\":{\"@id\":\"https:\\\/\\\/www.fcbarcelonanoticias.com\\\/en\\\/transfers\\\/official-memphis-depay-changes-airs-tab-with-athletico_288771_102.html\"},\"wordCount\":407,\"image\":{\"@id\":\"https:\\\/\\\/www.fcbarcelonanoticias.com\\\/en\\\/transfers\\\/official-memphis-depay-changes-airs-tab-with-athletico_288771_102.html#primaryimage\"},\"thumbnailUrl\":\"https:\\\/\\\/www.fcbarcelonanoticias.com\\\/en\\\/wp-content\\\/uploads\\\/sites\\\/2\\\/2023\\\/01\\\/memphis-tras-su-gol-ante-el-city.jpeg\",\"keywords\":[\"Atl\u00e9tico de Madrid\",\"Memphis Depay\"],\"articleSection\":[\"Transfers\",\"Transfers\"],\"inLanguage\":\"en-US\"},{\"@type\":\"WebPage\",\"@id\":\"https:\\\/\\\/www.fcbarcelonanoticias.com\\\/en\\\/transfers\\\/official-memphis-depay-changes-airs-tab-with-athletico_288771_102.html\",\"url\":\"https:\\\/\\\/www.fcbarcelonanoticias.com\\\/en\\\/transfers\\\/official-memphis-depay-changes-airs-tab-with-athletico_288771_102.html\",\"name\":\"OFFICIAL! Memphis Depay 'changes scenery' and signs with Atl\u00e9tico\",\"isPartOf\":{\"@id\":\"https:\\\/\\\/www.fcbarcelonanoticias.com\\\/en\\\/#website\"},\"primaryImageOfPage\":{\"@id\":\"https:\\\/\\\/www.fcbarcelonanoticias.com\\\/en\\\/transfers\\\/official-memphis-depay-changes-airs-tab-with-athletico_288771_102.html#primaryimage\"},\"image\":{\"@id\":\"https:\\\/\\\/www.fcbarcelonanoticias.com\\\/en\\\/transfers\\\/official-memphis-depay-changes-airs-tab-with-athletico_288771_102.html#primaryimage\"},\"thumbnailUrl\":\"https:\\\/\\\/www.fcbarcelonanoticias.com\\\/en\\\/wp-content\\\/uploads\\\/sites\\\/2\\\/2023\\\/01\\\/memphis-tras-su-gol-ante-el-city.jpeg\",\"datePublished\":\"2023-01-20T13:06:00+00:00\",\"dateModified\":\"2023-01-20T18:15:00+00:00\",\"author\":{\"@id\":\"\"},\"description\":\"After several days of negotiations, both Bar\u00e7a and Atl\u00e9tico have approached positions to finalize the transfer of Memphis Depay, who will reinforce the mattress team until 2028\",\"breadcrumb\":{\"@id\":\"https:\\\/\\\/www.fcbarcelonanoticias.com\\\/en\\\/transfers\\\/official-memphis-depay-changes-airs-tab-with-athletico_288771_102.html#breadcrumb\"},\"inLanguage\":\"en-US\",\"potentialAction\":[{\"@type\":\"ReadAction\",\"target\":[\"https:\\\/\\\/www.fcbarcelonanoticias.com\\\/en\\\/transfers\\\/official-memphis-depay-changes-airs-tab-with-athletico_288771_102.html\"]}]},{\"@type\":\"ImageObject\",\"inLanguage\":\"en-US\",\"@id\":\"https:\\\/\\\/www.fcbarcelonanoticias.com\\\/en\\\/transfers\\\/official-memphis-depay-changes-airs-tab-with-athletico_288771_102.html#primaryimage\",\"url\":\"https:\\\/\\\/www.fcbarcelonanoticias.com\\\/en\\\/wp-content\\\/uploads\\\/sites\\\/2\\\/2023\\\/01\\\/memphis-tras-su-gol-ante-el-city.jpeg\",\"contentUrl\":\"https:\\\/\\\/www.fcbarcelonanoticias.com\\\/en\\\/wp-content\\\/uploads\\\/sites\\\/2\\\/2023\\\/01\\\/memphis-tras-su-gol-ante-el-city.jpeg\",\"width\":1300,\"height\":740},{\"@type\":\"BreadcrumbList\",\"@id\":\"https:\\\/\\\/www.fcbarcelonanoticias.com\\\/en\\\/transfers\\\/official-memphis-depay-changes-airs-tab-with-athletico_288771_102.html#breadcrumb\",\"itemListElement\":[{\"@type\":\"ListItem\",\"position\":1,\"name\":\"Portada\",\"item\":\"https:\\\/\\\/www.fcbarcelonanoticias.com\\\/en\\\/\"},{\"@type\":\"ListItem\",\"position\":2,\"name\":\"OFFICIAL! Memphis Depay &#8216;changes scenery&#8217; and signs with Atl\u00e9tico\"}]},{\"@type\":\"WebSite\",\"@id\":\"https:\\\/\\\/www.fcbarcelonanoticias.com\\\/en\\\/#website\",\"url\":\"https:\\\/\\\/www.fcbarcelonanoticias.com\\\/en\\\/\",\"name\":\"EN - FC Barcelona Noticias\",\"description\":\"\",\"potentialAction\":[{\"@type\":\"SearchAction\",\"target\":{\"@type\":\"EntryPoint\",\"urlTemplate\":\"https:\\\/\\\/www.fcbarcelonanoticias.com\\\/en\\\/?s={search_term_string}\"},\"query-input\":{\"@type\":\"PropertyValueSpecification\",\"valueRequired\":true,\"valueName\":\"search_term_string\"}}],\"inLanguage\":\"en-US\"}]}<\/script>\n<!-- \/ Yoast SEO plugin. -->","yoast_head_json":{"title":"OFFICIAL! Memphis Depay 'changes scenery' and signs with Atl\u00e9tico","description":"After several days of negotiations, both Bar\u00e7a and Atl\u00e9tico have approached positions to finalize the transfer of Memphis Depay, who will reinforce the mattress team until 2028","robots":{"index":"index","follow":"follow","max-snippet":"max-snippet:-1","max-image-preview":"max-image-preview:large","max-video-preview":"max-video-preview:-1"},"canonical":"https:\/\/www.fcbarcelonanoticias.com\/en\/transfers\/official-memphis-depay-changes-airs-tab-with-athletico_288771_102.html","og_locale":"en_US","og_type":"article","og_title":"OFFICIAL! Memphis Depay 'changes scenery' and signs with Atl\u00e9tico","og_description":"After several days of negotiations, both Bar\u00e7a and Atl\u00e9tico have approached positions to finalize the transfer of Memphis Depay, who will reinforce the mattress team until 2028","og_url":"https:\/\/www.fcbarcelonanoticias.com\/en\/transfers\/official-memphis-depay-changes-airs-tab-with-athletico_288771_102.html","og_site_name":"EN - FC Barcelona Noticias","article_published_time":"2023-01-20T13:06:00+00:00","article_modified_time":"2023-01-20T18:15:00+00:00","og_image":[{"width":1300,"height":740,"url":"https:\/\/www.fcbarcelonanoticias.com\/en\/wp-content\/uploads\/sites\/2\/2023\/01\/memphis-tras-su-gol-ante-el-city.jpeg","type":"image\/jpeg"}],"twitter_card":"summary_large_image","twitter_misc":{"Est. reading time":"2 minutes"},"schema":{"@context":"https:\/\/schema.org","@graph":[{"@type":"Article","@id":"https:\/\/www.fcbarcelonanoticias.com\/en\/transfers\/official-memphis-depay-changes-airs-tab-with-athletico_288771_102.html#article","isPartOf":{"@id":"https:\/\/www.fcbarcelonanoticias.com\/en\/transfers\/official-memphis-depay-changes-airs-tab-with-athletico_288771_102.html"},"author":{"name":"","@id":""},"headline":"OFFICIAL! Memphis Depay &#8216;changes scenery&#8217; and signs with Atl\u00e9tico","datePublished":"2023-01-20T13:06:00+00:00","dateModified":"2023-01-20T18:15:00+00:00","mainEntityOfPage":{"@id":"https:\/\/www.fcbarcelonanoticias.com\/en\/transfers\/official-memphis-depay-changes-airs-tab-with-athletico_288771_102.html"},"wordCount":407,"image":{"@id":"https:\/\/www.fcbarcelonanoticias.com\/en\/transfers\/official-memphis-depay-changes-airs-tab-with-athletico_288771_102.html#primaryimage"},"thumbnailUrl":"https:\/\/www.fcbarcelonanoticias.com\/en\/wp-content\/uploads\/sites\/2\/2023\/01\/memphis-tras-su-gol-ante-el-city.jpeg","keywords":["Atl\u00e9tico de Madrid","Memphis Depay"],"articleSection":["Transfers","Transfers"],"inLanguage":"en-US"},{"@type":"WebPage","@id":"https:\/\/www.fcbarcelonanoticias.com\/en\/transfers\/official-memphis-depay-changes-airs-tab-with-athletico_288771_102.html","url":"https:\/\/www.fcbarcelonanoticias.com\/en\/transfers\/official-memphis-depay-changes-airs-tab-with-athletico_288771_102.html","name":"OFFICIAL! Memphis Depay 'changes scenery' and signs with Atl\u00e9tico","isPartOf":{"@id":"https:\/\/www.fcbarcelonanoticias.com\/en\/#website"},"primaryImageOfPage":{"@id":"https:\/\/www.fcbarcelonanoticias.com\/en\/transfers\/official-memphis-depay-changes-airs-tab-with-athletico_288771_102.html#primaryimage"},"image":{"@id":"https:\/\/www.fcbarcelonanoticias.com\/en\/transfers\/official-memphis-depay-changes-airs-tab-with-athletico_288771_102.html#primaryimage"},"thumbnailUrl":"https:\/\/www.fcbarcelonanoticias.com\/en\/wp-content\/uploads\/sites\/2\/2023\/01\/memphis-tras-su-gol-ante-el-city.jpeg","datePublished":"2023-01-20T13:06:00+00:00","dateModified":"2023-01-20T18:15:00+00:00","author":{"@id":""},"description":"After several days of negotiations, both Bar\u00e7a and Atl\u00e9tico have approached positions to finalize the transfer of Memphis Depay, who will reinforce the mattress team until 2028","breadcrumb":{"@id":"https:\/\/www.fcbarcelonanoticias.com\/en\/transfers\/official-memphis-depay-changes-airs-tab-with-athletico_288771_102.html#breadcrumb"},"inLanguage":"en-US","potentialAction":[{"@type":"ReadAction","target":["https:\/\/www.fcbarcelonanoticias.com\/en\/transfers\/official-memphis-depay-changes-airs-tab-with-athletico_288771_102.html"]}]},{"@type":"ImageObject","inLanguage":"en-US","@id":"https:\/\/www.fcbarcelonanoticias.com\/en\/transfers\/official-memphis-depay-changes-airs-tab-with-athletico_288771_102.html#primaryimage","url":"https:\/\/www.fcbarcelonanoticias.com\/en\/wp-content\/uploads\/sites\/2\/2023\/01\/memphis-tras-su-gol-ante-el-city.jpeg","contentUrl":"https:\/\/www.fcbarcelonanoticias.com\/en\/wp-content\/uploads\/sites\/2\/2023\/01\/memphis-tras-su-gol-ante-el-city.jpeg","width":1300,"height":740},{"@type":"BreadcrumbList","@id":"https:\/\/www.fcbarcelonanoticias.com\/en\/transfers\/official-memphis-depay-changes-airs-tab-with-athletico_288771_102.html#breadcrumb","itemListElement":[{"@type":"ListItem","position":1,"name":"Portada","item":"https:\/\/www.fcbarcelonanoticias.com\/en\/"},{"@type":"ListItem","position":2,"name":"OFFICIAL! Memphis Depay &#8216;changes scenery&#8217; and signs with Atl\u00e9tico"}]},{"@type":"WebSite","@id":"https:\/\/www.fcbarcelonanoticias.com\/en\/#website","url":"https:\/\/www.fcbarcelonanoticias.com\/en\/","name":"EN - FC Barcelona Noticias","description":"","potentialAction":[{"@type":"SearchAction","target":{"@type":"EntryPoint","urlTemplate":"https:\/\/www.fcbarcelonanoticias.com\/en\/?s={search_term_string}"},"query-input":{"@type":"PropertyValueSpecification","valueRequired":true,"valueName":"search_term_string"}}],"inLanguage":"en-US"}]}},"_links":{"self":[{"href":"https:\/\/www.fcbarcelonanoticias.com\/en\/wp-json\/wp\/v2\/posts\/99892","targetHints":{"allow":["GET"]}}],"collection":[{"href":"https:\/\/www.fcbarcelonanoticias.com\/en\/wp-json\/wp\/v2\/posts"}],"about":[{"href":"https:\/\/www.fcbarcelonanoticias.com\/en\/wp-json\/wp\/v2\/types\/post"}],"replies":[{"embeddable":true,"href":"https:\/\/www.fcbarcelonanoticias.com\/en\/wp-json\/wp\/v2\/comments?post=99892"}],"version-history":[{"count":1,"href":"https:\/\/www.fcbarcelonanoticias.com\/en\/wp-json\/wp\/v2\/posts\/99892\/revisions"}],"predecessor-version":[{"id":132200,"href":"https:\/\/www.fcbarcelonanoticias.com\/en\/wp-json\/wp\/v2\/posts\/99892\/revisions\/132200"}],"wp:featuredmedia":[{"embeddable":true,"href":"https:\/\/www.fcbarcelonanoticias.com\/en\/wp-json\/wp\/v2\/media\/99904"}],"wp:attachment":[{"href":"https:\/\/www.fcbarcelonanoticias.com\/en\/wp-json\/wp\/v2\/media?parent=99892"}],"wp:term":[{"taxonomy":"category","embeddable":true,"href":"https:\/\/www.fcbarcelonanoticias.com\/en\/wp-json\/wp\/v2\/categories?post=99892"},{"taxonomy":"post_tag","embeddable":true,"href":"https:\/\/www.fcbarcelonanoticias.com\/en\/wp-json\/wp\/v2\/tags?post=99892"}],"curies":[{"name":"wp","href":"https:\/\/api.w.org\/{rel}","templated":true}]}}