{"id":99988,"date":"2022-08-11T20:23:00","date_gmt":"2022-08-11T18:23:00","guid":{"rendered":"https:\/\/weisetech.dev\/fc-barcelona-noticias\/en\/manchester-united-sets-eyes-on-ex-target-barcelona_283140_102\/"},"modified":"2022-08-11T20:26:00","modified_gmt":"2022-08-11T18:26:00","slug":"manchester-united-sets-eyes-on-ex-target-barcelona_283140_102","status":"publish","type":"post","link":"https:\/\/www.fcbarcelonanoticias.com\/en\/transfers\/manchester-united-sets-eyes-on-ex-target-barcelona_283140_102.html","title":{"rendered":"Manchester United sets its sights on a former Bar\u00e7a goal"},"content":{"rendered":"<h2 class=\"wp-block-heading\">Cody Gakpo is the revelation of the season at PSV Eindhoven. The young Dutch player is followed by the big clubs and Manchester United would be very attentive to his situation<\/h2>  \r\n<div class=\"article-addons\">\r\n    <a href=\"https:\/\/www.fcbarcelonanoticias.com\/en\/calendar-fc-barcelona.html\"\r\n       target=\"_self\"\r\n       title=\"Calendar of FC Barcelona\"\r\n       class=\"blue-gredient-btn\">\r\n       \r\n        Calendar of FC Barcelona    <\/a>\r\n<\/div>   <p>They live difficult times in Old Trafford. The <a href=\"https:\/\/www.fcbarcelonanoticias.com\/en\/tags\/manchester-united.html\" title=\"Manchester United\">Manchester United<\/a> had a beginning of season &#8216;stormy&#8217; with the controversy generated around the wish to go out of Cristiano Ronaldo,<strong> and the feelings did not do more than worsening after the defeat like venues antre the Brighton &amp; Hove Albion by 1-2 in his debut by Premier League<\/strong>. The mancunianos saw very ilusionados with the arrival of Erik Have Hag to the benches of the club, but after the first day of the English competition the &#8216;alarms&#8217; went back to &#8216;light&#8217;.<\/p>  <p>That&#8217;s why in the dispatches of &#8216;Old Trafford&#8217; look for to give a hit of effect before the &#8216;fire&#8217; keep growing and have put by the work to achieve more reinforcements that offer him distinct alternatives to his trainer. By this reason, <strong>the &#8216;network devils&#8217; are tightening by the signing of Adrien Rabiot to reinforce the half of the field<\/strong>. Same case that Sergej Milinkovic-Savic, by the one who would be had to pay until 68 million euros to do with his services.<\/p>  <p>Now, a new name appears in the diary mancuniana. And it is that as it informs Fabrizio Romano, the United would have in looks it to Cody Gakpo to reinforce his forward. The Dutch player of 23 years was the disclosure of the PSV Eindhoven the past campaign. The perla of the &#8216;rojiblancos&#8217; &#8216;went out&#8217; dressing the T-shirt of the team of his hometown along the course,<strong> annotating 22 goals and delivering 15 assistances in the 47 parties contested in all the competitions<\/strong>. Numbers that, besides, have carried it to be international absolute with the selection of the Low Countries and that called the attention of clubs like the Bayern, the Liverpool and the same FC Barcelona.<\/p>  <p>The interest of the PSG in Rashford could finish of &#8216;push&#8217; to the British to apurar his contracting. <strong>The footballer is extreme left by nature,<\/strong> <strong>but manages without problems in the three positions of attack<\/strong>. His height (1.89m) allows him play well by the airs, although it was not his main fortress. It is swift and has very good balance and control of the balloon in spite of his height. Of equal form, when being so young, his projection aims to the highest, by would be it a signing for the next 10 years.<\/p>  <h3>The Champions is the key<\/h3>  <p>However, in Manchester would see like the opportunity to do with the youngster &#8216;crack&#8217; dissipates if the PSV finishes classifying to the phase of groups of the Champions League. Like this it confirmed it the same Gakpo, the one who ensured that &#8220;we have to concentrate us in trying classify us for the <a href=\"https:\/\/www.fichajes.com\/en\/europa\/uefa-liga-de-campeones\/\">League of Champions<\/a>. <strong>Then, it is more likely that remain me. I do not think that it have said in any place that go me, so it is evident that exists the possibility that it remain me<\/strong>&#8220;, by what his possible arrival to the Premier is subject to the eliminatory in front of the Rangers.<\/p> ","protected":false},"excerpt":{"rendered":"<p>Cody Gakpo is the revelation of the season at PSV Eindhoven. The young Dutch player is followed by the big clubs and Manchester United would be very attentive to his situation They live difficult times in Old Trafford. The Manchester United had a beginning of season &#8216;stormy&#8217; with the controversy generated around the wish to [&hellip;]<\/p>\n","protected":false},"author":358,"featured_media":99996,"comment_status":"closed","ping_status":"open","sticky":false,"template":"","format":"standard","meta":{"_acf_changed":false,"inline_featured_image":false,"_nextfly_llmd_date_locked":false,"footnotes":""},"categories":[106,449],"tags":[197,222],"class_list":["post-99988","post","type-post","status-publish","format-standard","has-post-thumbnail","hentry","category-transfers","category-transfers-2","tag-manchester-united","tag-psv-eindhoven"],"acf":[],"yoast_head":"<!-- This site is optimized with the Yoast SEO plugin v27.3 - https:\/\/yoast.com\/product\/yoast-seo-wordpress\/ -->\n<title>Manchester United sets its sights on a former Bar\u00e7a goal<\/title>\n<meta name=\"description\" content=\"Cody Gakpo is the disclosure of the season in the PSV Eindhoven. The young Dutch player is gone on down the big clubs and the Manchester United would be...\" \/>\n<meta name=\"robots\" content=\"index, follow, max-snippet:-1, max-image-preview:large, max-video-preview:-1\" \/>\n<link rel=\"canonical\" href=\"https:\/\/www.fcbarcelonanoticias.com\/en\/transfers\/manchester-united-sets-eyes-on-ex-target-barcelona_283140_102.html\" \/>\n<meta property=\"og:locale\" content=\"en_US\" \/>\n<meta property=\"og:type\" content=\"article\" \/>\n<meta property=\"og:title\" content=\"Manchester United sets its sights on a former Bar\u00e7a goal\" \/>\n<meta property=\"og:description\" content=\"Cody Gakpo is the disclosure of the season in the PSV Eindhoven. The young Dutch player is gone on down the big clubs and the Manchester United would be...\" \/>\n<meta property=\"og:url\" content=\"https:\/\/www.fcbarcelonanoticias.com\/en\/transfers\/manchester-united-sets-eyes-on-ex-target-barcelona_283140_102.html\" \/>\n<meta property=\"og:site_name\" content=\"EN - FC Barcelona Noticias\" \/>\n<meta property=\"article:published_time\" content=\"2022-08-11T18:23:00+00:00\" \/>\n<meta property=\"article:modified_time\" content=\"2022-08-11T18:26:00+00:00\" \/>\n<meta property=\"og:image\" content=\"https:\/\/www.fcbarcelonanoticias.com\/en\/wp-content\/uploads\/sites\/2\/2022\/08\/gakpo-psv-barca.jpeg\" \/>\n\t<meta property=\"og:image:width\" content=\"1300\" \/>\n\t<meta property=\"og:image:height\" content=\"732\" \/>\n\t<meta property=\"og:image:type\" content=\"image\/jpeg\" \/>\n<meta name=\"author\" content=\"Juan Pablo Berdugo\" \/>\n<meta name=\"twitter:card\" content=\"summary_large_image\" \/>\n<meta name=\"twitter:label1\" content=\"Written by\" \/>\n\t<meta name=\"twitter:data1\" content=\"Juan Pablo Berdugo\" \/>\n\t<meta name=\"twitter:label2\" content=\"Est. reading time\" \/>\n\t<meta name=\"twitter:data2\" content=\"3 minutes\" \/>\n<script type=\"application\/ld+json\" class=\"yoast-schema-graph\">{\"@context\":\"https:\\\/\\\/schema.org\",\"@graph\":[{\"@type\":\"Article\",\"@id\":\"https:\\\/\\\/www.fcbarcelonanoticias.com\\\/en\\\/transfers\\\/manchester-united-sets-eyes-on-ex-target-barcelona_283140_102.html#article\",\"isPartOf\":{\"@id\":\"https:\\\/\\\/www.fcbarcelonanoticias.com\\\/en\\\/transfers\\\/manchester-united-sets-eyes-on-ex-target-barcelona_283140_102.html\"},\"author\":{\"name\":\"Juan Pablo Berdugo\",\"@id\":\"https:\\\/\\\/www.fcbarcelonanoticias.com\\\/en\\\/#\\\/schema\\\/person\\\/88d756918a0a1ae9fa593b5edddd1815\"},\"headline\":\"Manchester United sets its sights on a former Bar\u00e7a goal\",\"datePublished\":\"2022-08-11T18:23:00+00:00\",\"dateModified\":\"2022-08-11T18:26:00+00:00\",\"mainEntityOfPage\":{\"@id\":\"https:\\\/\\\/www.fcbarcelonanoticias.com\\\/en\\\/transfers\\\/manchester-united-sets-eyes-on-ex-target-barcelona_283140_102.html\"},\"wordCount\":534,\"image\":{\"@id\":\"https:\\\/\\\/www.fcbarcelonanoticias.com\\\/en\\\/transfers\\\/manchester-united-sets-eyes-on-ex-target-barcelona_283140_102.html#primaryimage\"},\"thumbnailUrl\":\"https:\\\/\\\/www.fcbarcelonanoticias.com\\\/en\\\/wp-content\\\/uploads\\\/sites\\\/2\\\/2022\\\/08\\\/gakpo-psv-barca.jpeg\",\"keywords\":[\"Manchester United\",\"PSV Eindhoven\"],\"articleSection\":[\"Transfers\",\"Transfers\"],\"inLanguage\":\"en-US\"},{\"@type\":\"WebPage\",\"@id\":\"https:\\\/\\\/www.fcbarcelonanoticias.com\\\/en\\\/transfers\\\/manchester-united-sets-eyes-on-ex-target-barcelona_283140_102.html\",\"url\":\"https:\\\/\\\/www.fcbarcelonanoticias.com\\\/en\\\/transfers\\\/manchester-united-sets-eyes-on-ex-target-barcelona_283140_102.html\",\"name\":\"Manchester United sets its sights on a former Bar\u00e7a goal\",\"isPartOf\":{\"@id\":\"https:\\\/\\\/www.fcbarcelonanoticias.com\\\/en\\\/#website\"},\"primaryImageOfPage\":{\"@id\":\"https:\\\/\\\/www.fcbarcelonanoticias.com\\\/en\\\/transfers\\\/manchester-united-sets-eyes-on-ex-target-barcelona_283140_102.html#primaryimage\"},\"image\":{\"@id\":\"https:\\\/\\\/www.fcbarcelonanoticias.com\\\/en\\\/transfers\\\/manchester-united-sets-eyes-on-ex-target-barcelona_283140_102.html#primaryimage\"},\"thumbnailUrl\":\"https:\\\/\\\/www.fcbarcelonanoticias.com\\\/en\\\/wp-content\\\/uploads\\\/sites\\\/2\\\/2022\\\/08\\\/gakpo-psv-barca.jpeg\",\"datePublished\":\"2022-08-11T18:23:00+00:00\",\"dateModified\":\"2022-08-11T18:26:00+00:00\",\"author\":{\"@id\":\"https:\\\/\\\/www.fcbarcelonanoticias.com\\\/en\\\/#\\\/schema\\\/person\\\/88d756918a0a1ae9fa593b5edddd1815\"},\"description\":\"Cody Gakpo is the disclosure of the season in the PSV Eindhoven. The young Dutch player is gone on down the big clubs and the Manchester United would be...\",\"breadcrumb\":{\"@id\":\"https:\\\/\\\/www.fcbarcelonanoticias.com\\\/en\\\/transfers\\\/manchester-united-sets-eyes-on-ex-target-barcelona_283140_102.html#breadcrumb\"},\"inLanguage\":\"en-US\",\"potentialAction\":[{\"@type\":\"ReadAction\",\"target\":[\"https:\\\/\\\/www.fcbarcelonanoticias.com\\\/en\\\/transfers\\\/manchester-united-sets-eyes-on-ex-target-barcelona_283140_102.html\"]}]},{\"@type\":\"ImageObject\",\"inLanguage\":\"en-US\",\"@id\":\"https:\\\/\\\/www.fcbarcelonanoticias.com\\\/en\\\/transfers\\\/manchester-united-sets-eyes-on-ex-target-barcelona_283140_102.html#primaryimage\",\"url\":\"https:\\\/\\\/www.fcbarcelonanoticias.com\\\/en\\\/wp-content\\\/uploads\\\/sites\\\/2\\\/2022\\\/08\\\/gakpo-psv-barca.jpeg\",\"contentUrl\":\"https:\\\/\\\/www.fcbarcelonanoticias.com\\\/en\\\/wp-content\\\/uploads\\\/sites\\\/2\\\/2022\\\/08\\\/gakpo-psv-barca.jpeg\",\"width\":1300,\"height\":732},{\"@type\":\"BreadcrumbList\",\"@id\":\"https:\\\/\\\/www.fcbarcelonanoticias.com\\\/en\\\/transfers\\\/manchester-united-sets-eyes-on-ex-target-barcelona_283140_102.html#breadcrumb\",\"itemListElement\":[{\"@type\":\"ListItem\",\"position\":1,\"name\":\"Portada\",\"item\":\"https:\\\/\\\/www.fcbarcelonanoticias.com\\\/en\\\/\"},{\"@type\":\"ListItem\",\"position\":2,\"name\":\"Manchester United sets its sights on a former Bar\u00e7a goal\"}]},{\"@type\":\"WebSite\",\"@id\":\"https:\\\/\\\/www.fcbarcelonanoticias.com\\\/en\\\/#website\",\"url\":\"https:\\\/\\\/www.fcbarcelonanoticias.com\\\/en\\\/\",\"name\":\"EN - FC Barcelona Noticias\",\"description\":\"\",\"potentialAction\":[{\"@type\":\"SearchAction\",\"target\":{\"@type\":\"EntryPoint\",\"urlTemplate\":\"https:\\\/\\\/www.fcbarcelonanoticias.com\\\/en\\\/?s={search_term_string}\"},\"query-input\":{\"@type\":\"PropertyValueSpecification\",\"valueRequired\":true,\"valueName\":\"search_term_string\"}}],\"inLanguage\":\"en-US\"},{\"@type\":\"Person\",\"@id\":\"https:\\\/\\\/www.fcbarcelonanoticias.com\\\/en\\\/#\\\/schema\\\/person\\\/88d756918a0a1ae9fa593b5edddd1815\",\"name\":\"Juan Pablo Berdugo\",\"image\":{\"@type\":\"ImageObject\",\"inLanguage\":\"en-US\",\"@id\":\"https:\\\/\\\/secure.gravatar.com\\\/avatar\\\/?s=96&d=mm&r=g\",\"url\":\"https:\\\/\\\/secure.gravatar.com\\\/avatar\\\/?s=96&d=mm&r=g\",\"contentUrl\":\"https:\\\/\\\/secure.gravatar.com\\\/avatar\\\/?s=96&d=mm&r=g\",\"caption\":\"Juan Pablo Berdugo\"},\"description\":\"Juan Pablo Berdugo es graduado en Periodismo. Colabora con FCBN como especialista en informaci\u00f3n del primer equipo del FC Barcelona, f\u00fatbol internacional y mercado de fichajes. Destaca por su enfoque anal\u00edtico, su rigor informativo y su capacidad para detectar tendencias emergentes en el f\u00fatbol global.\",\"url\":\"https:\\\/\\\/www.fcbarcelonanoticias.com\\\/en\\\/fc-barcelona\\\/juan-pablo-berdugo_18_115.html\"}]}<\/script>\n<!-- \/ Yoast SEO plugin. -->","yoast_head_json":{"title":"Manchester United sets its sights on a former Bar\u00e7a goal","description":"Cody Gakpo is the disclosure of the season in the PSV Eindhoven. The young Dutch player is gone on down the big clubs and the Manchester United would be...","robots":{"index":"index","follow":"follow","max-snippet":"max-snippet:-1","max-image-preview":"max-image-preview:large","max-video-preview":"max-video-preview:-1"},"canonical":"https:\/\/www.fcbarcelonanoticias.com\/en\/transfers\/manchester-united-sets-eyes-on-ex-target-barcelona_283140_102.html","og_locale":"en_US","og_type":"article","og_title":"Manchester United sets its sights on a former Bar\u00e7a goal","og_description":"Cody Gakpo is the disclosure of the season in the PSV Eindhoven. The young Dutch player is gone on down the big clubs and the Manchester United would be...","og_url":"https:\/\/www.fcbarcelonanoticias.com\/en\/transfers\/manchester-united-sets-eyes-on-ex-target-barcelona_283140_102.html","og_site_name":"EN - FC Barcelona Noticias","article_published_time":"2022-08-11T18:23:00+00:00","article_modified_time":"2022-08-11T18:26:00+00:00","og_image":[{"width":1300,"height":732,"url":"https:\/\/www.fcbarcelonanoticias.com\/en\/wp-content\/uploads\/sites\/2\/2022\/08\/gakpo-psv-barca.jpeg","type":"image\/jpeg"}],"author":"Juan Pablo Berdugo","twitter_card":"summary_large_image","twitter_misc":{"Written by":"Juan Pablo Berdugo","Est. reading time":"3 minutes"},"schema":{"@context":"https:\/\/schema.org","@graph":[{"@type":"Article","@id":"https:\/\/www.fcbarcelonanoticias.com\/en\/transfers\/manchester-united-sets-eyes-on-ex-target-barcelona_283140_102.html#article","isPartOf":{"@id":"https:\/\/www.fcbarcelonanoticias.com\/en\/transfers\/manchester-united-sets-eyes-on-ex-target-barcelona_283140_102.html"},"author":{"name":"Juan Pablo Berdugo","@id":"https:\/\/www.fcbarcelonanoticias.com\/en\/#\/schema\/person\/88d756918a0a1ae9fa593b5edddd1815"},"headline":"Manchester United sets its sights on a former Bar\u00e7a goal","datePublished":"2022-08-11T18:23:00+00:00","dateModified":"2022-08-11T18:26:00+00:00","mainEntityOfPage":{"@id":"https:\/\/www.fcbarcelonanoticias.com\/en\/transfers\/manchester-united-sets-eyes-on-ex-target-barcelona_283140_102.html"},"wordCount":534,"image":{"@id":"https:\/\/www.fcbarcelonanoticias.com\/en\/transfers\/manchester-united-sets-eyes-on-ex-target-barcelona_283140_102.html#primaryimage"},"thumbnailUrl":"https:\/\/www.fcbarcelonanoticias.com\/en\/wp-content\/uploads\/sites\/2\/2022\/08\/gakpo-psv-barca.jpeg","keywords":["Manchester United","PSV Eindhoven"],"articleSection":["Transfers","Transfers"],"inLanguage":"en-US"},{"@type":"WebPage","@id":"https:\/\/www.fcbarcelonanoticias.com\/en\/transfers\/manchester-united-sets-eyes-on-ex-target-barcelona_283140_102.html","url":"https:\/\/www.fcbarcelonanoticias.com\/en\/transfers\/manchester-united-sets-eyes-on-ex-target-barcelona_283140_102.html","name":"Manchester United sets its sights on a former Bar\u00e7a goal","isPartOf":{"@id":"https:\/\/www.fcbarcelonanoticias.com\/en\/#website"},"primaryImageOfPage":{"@id":"https:\/\/www.fcbarcelonanoticias.com\/en\/transfers\/manchester-united-sets-eyes-on-ex-target-barcelona_283140_102.html#primaryimage"},"image":{"@id":"https:\/\/www.fcbarcelonanoticias.com\/en\/transfers\/manchester-united-sets-eyes-on-ex-target-barcelona_283140_102.html#primaryimage"},"thumbnailUrl":"https:\/\/www.fcbarcelonanoticias.com\/en\/wp-content\/uploads\/sites\/2\/2022\/08\/gakpo-psv-barca.jpeg","datePublished":"2022-08-11T18:23:00+00:00","dateModified":"2022-08-11T18:26:00+00:00","author":{"@id":"https:\/\/www.fcbarcelonanoticias.com\/en\/#\/schema\/person\/88d756918a0a1ae9fa593b5edddd1815"},"description":"Cody Gakpo is the disclosure of the season in the PSV Eindhoven. The young Dutch player is gone on down the big clubs and the Manchester United would be...","breadcrumb":{"@id":"https:\/\/www.fcbarcelonanoticias.com\/en\/transfers\/manchester-united-sets-eyes-on-ex-target-barcelona_283140_102.html#breadcrumb"},"inLanguage":"en-US","potentialAction":[{"@type":"ReadAction","target":["https:\/\/www.fcbarcelonanoticias.com\/en\/transfers\/manchester-united-sets-eyes-on-ex-target-barcelona_283140_102.html"]}]},{"@type":"ImageObject","inLanguage":"en-US","@id":"https:\/\/www.fcbarcelonanoticias.com\/en\/transfers\/manchester-united-sets-eyes-on-ex-target-barcelona_283140_102.html#primaryimage","url":"https:\/\/www.fcbarcelonanoticias.com\/en\/wp-content\/uploads\/sites\/2\/2022\/08\/gakpo-psv-barca.jpeg","contentUrl":"https:\/\/www.fcbarcelonanoticias.com\/en\/wp-content\/uploads\/sites\/2\/2022\/08\/gakpo-psv-barca.jpeg","width":1300,"height":732},{"@type":"BreadcrumbList","@id":"https:\/\/www.fcbarcelonanoticias.com\/en\/transfers\/manchester-united-sets-eyes-on-ex-target-barcelona_283140_102.html#breadcrumb","itemListElement":[{"@type":"ListItem","position":1,"name":"Portada","item":"https:\/\/www.fcbarcelonanoticias.com\/en\/"},{"@type":"ListItem","position":2,"name":"Manchester United sets its sights on a former Bar\u00e7a goal"}]},{"@type":"WebSite","@id":"https:\/\/www.fcbarcelonanoticias.com\/en\/#website","url":"https:\/\/www.fcbarcelonanoticias.com\/en\/","name":"EN - FC Barcelona Noticias","description":"","potentialAction":[{"@type":"SearchAction","target":{"@type":"EntryPoint","urlTemplate":"https:\/\/www.fcbarcelonanoticias.com\/en\/?s={search_term_string}"},"query-input":{"@type":"PropertyValueSpecification","valueRequired":true,"valueName":"search_term_string"}}],"inLanguage":"en-US"},{"@type":"Person","@id":"https:\/\/www.fcbarcelonanoticias.com\/en\/#\/schema\/person\/88d756918a0a1ae9fa593b5edddd1815","name":"Juan Pablo Berdugo","image":{"@type":"ImageObject","inLanguage":"en-US","@id":"https:\/\/secure.gravatar.com\/avatar\/?s=96&d=mm&r=g","url":"https:\/\/secure.gravatar.com\/avatar\/?s=96&d=mm&r=g","contentUrl":"https:\/\/secure.gravatar.com\/avatar\/?s=96&d=mm&r=g","caption":"Juan Pablo Berdugo"},"description":"Juan Pablo Berdugo es graduado en Periodismo. Colabora con FCBN como especialista en informaci\u00f3n del primer equipo del FC Barcelona, f\u00fatbol internacional y mercado de fichajes. Destaca por su enfoque anal\u00edtico, su rigor informativo y su capacidad para detectar tendencias emergentes en el f\u00fatbol global.","url":"https:\/\/www.fcbarcelonanoticias.com\/en\/fc-barcelona\/juan-pablo-berdugo_18_115.html"}]}},"_links":{"self":[{"href":"https:\/\/www.fcbarcelonanoticias.com\/en\/wp-json\/wp\/v2\/posts\/99988","targetHints":{"allow":["GET"]}}],"collection":[{"href":"https:\/\/www.fcbarcelonanoticias.com\/en\/wp-json\/wp\/v2\/posts"}],"about":[{"href":"https:\/\/www.fcbarcelonanoticias.com\/en\/wp-json\/wp\/v2\/types\/post"}],"author":[{"embeddable":true,"href":"https:\/\/www.fcbarcelonanoticias.com\/en\/wp-json\/wp\/v2\/users\/358"}],"replies":[{"embeddable":true,"href":"https:\/\/www.fcbarcelonanoticias.com\/en\/wp-json\/wp\/v2\/comments?post=99988"}],"version-history":[{"count":1,"href":"https:\/\/www.fcbarcelonanoticias.com\/en\/wp-json\/wp\/v2\/posts\/99988\/revisions"}],"predecessor-version":[{"id":132301,"href":"https:\/\/www.fcbarcelonanoticias.com\/en\/wp-json\/wp\/v2\/posts\/99988\/revisions\/132301"}],"wp:featuredmedia":[{"embeddable":true,"href":"https:\/\/www.fcbarcelonanoticias.com\/en\/wp-json\/wp\/v2\/media\/99996"}],"wp:attachment":[{"href":"https:\/\/www.fcbarcelonanoticias.com\/en\/wp-json\/wp\/v2\/media?parent=99988"}],"wp:term":[{"taxonomy":"category","embeddable":true,"href":"https:\/\/www.fcbarcelonanoticias.com\/en\/wp-json\/wp\/v2\/categories?post=99988"},{"taxonomy":"post_tag","embeddable":true,"href":"https:\/\/www.fcbarcelonanoticias.com\/en\/wp-json\/wp\/v2\/tags?post=99988"}],"curies":[{"name":"wp","href":"https:\/\/api.w.org\/{rel}","templated":true}]}}